{"id":3662,"date":"2019-11-05T22:31:07","date_gmt":"2019-11-05T21:31:07","guid":{"rendered":"http:\/\/ffw-bockhorn.de\/?p=3662"},"modified":"2019-11-06T06:26:00","modified_gmt":"2019-11-06T05:26:00","slug":"adac-rettungshubschrauber","status":"publish","type":"post","link":"https:\/\/ffw-bockhorn.de\/?p=3662","title":{"rendered":"ADAC Rettungshubschrauber"},"content":{"rendered":"\n<p>Gemeinsam mit der <a rel=\"noreferrer noopener\" aria-label=\"Jugendfeuerwehr Kirschasch (opens in a new tab)\" href=\"http:\/\/www.feuerwehr-kirchasch.de\/Jugendfeuerwehr\" target=\"_blank\">Jugendfeuerwehr Kirchasch<\/a> haben wir heute mit 25 Interessierten den ADAC Rettungshubschrauber &#8222;Christoph 1&#8220; besichtigt. Der Pilot Hr. Benning stand uns bei allen Fragen Rede und Antwort. Von technischen Details zum Hubschrauber und \u00fcber das Verhalten von Feuerwehrm\u00e4nnern bei Eins\u00e4tzen mit Hubschrauberbeteiligung wurden alle Fragen beantwortet. Wer wollte, durfte auch mal auf den &#8218;hinteren Pl\u00e4tzen&#8216; von Notarzt und Sanit\u00e4ter Platz nehmen.<\/p>\n\n\n\n<p>Von Bockhorn nach M\u00fcnchen Harlaching, wo der Rettungsubschrauber stationiert ist, ist ein weiter Weg. Darum mussten wir uns nach der langen Anfahrt und der absolut interessanten F\u00fchrung noch im Fast-Food-Restaurant &#8222;st\u00e4rken&#8220;.<\/p>\n\n\n\n<p>Weitere Informationen Rund um die <a rel=\"noreferrer noopener\" aria-label=\"ADAC Luftrettung (opens in a new tab)\" href=\"https:\/\/luftrettung.adac.de\/stationen\/christoph-1\/\" target=\"_blank\">ADAC Luftrettung<\/a> findet ihr <a rel=\"noreferrer noopener\" aria-label=\"hier (opens in a new tab)\" href=\"https:\/\/luftrettung.adac.de\/stationen\/christoph-1\/\" target=\"_blank\">hier<\/a>.<\/p>\n\n\n\n<figure class=\"wp-block-image\"><img data-recalc-dims=\"1\" loading=\"lazy\" decoding=\"async\" width=\"840\" height=\"630\" data-attachment-id=\"3686\" data-permalink=\"https:\/\/ffw-bockhorn.de\/?attachment_id=3686\" data-orig-file=\"https:\/\/i0.wp.com\/ffw-bockhorn.de\/wp-content\/uploads\/2019\/11\/img_20191105_215242-1824x13682259750665764440563.jpg?fit=1824%2C1368&amp;ssl=1\" data-orig-size=\"1824,1368\" data-comments-opened=\"0\" data-image-meta=\"{&quot;aperture&quot;:&quot;0&quot;,&quot;credit&quot;:&quot;&quot;,&quot;camera&quot;:&quot;&quot;,&quot;caption&quot;:&quot;&quot;,&quot;created_timestamp&quot;:&quot;0&quot;,&quot;copyright&quot;:&quot;&quot;,&quot;focal_length&quot;:&quot;0&quot;,&quot;iso&quot;:&quot;0&quot;,&quot;shutter_speed&quot;:&quot;0&quot;,&quot;title&quot;:&quot;&quot;,&quot;orientation&quot;:&quot;0&quot;}\" data-image-title=\"img_20191105_215242-1824&amp;#215;13682259750665764440563.jpg\" data-image-description=\"\" data-image-caption=\"\" data-large-file=\"https:\/\/i0.wp.com\/ffw-bockhorn.de\/wp-content\/uploads\/2019\/11\/img_20191105_215242-1824x13682259750665764440563.jpg?fit=840%2C630&amp;ssl=1\" src=\"https:\/\/i0.wp.com\/ffw-bockhorn.de\/wp-content\/uploads\/2019\/11\/img_20191105_215242-1824x13682259750665764440563.jpg?resize=840%2C630&#038;ssl=1\" alt=\"\" class=\"wp-image-3686\" srcset=\"https:\/\/i0.wp.com\/ffw-bockhorn.de\/wp-content\/uploads\/2019\/11\/img_20191105_215242-1824x13682259750665764440563.jpg?resize=1824%2C9223372036854775807&amp;ssl=1 1824w, https:\/\/i0.wp.com\/ffw-bockhorn.de\/wp-content\/uploads\/2019\/11\/img_20191105_215242-1824x13682259750665764440563.jpg?resize=300%2C225&amp;ssl=1 300w, https:\/\/i0.wp.com\/ffw-bockhorn.de\/wp-content\/uploads\/2019\/11\/img_20191105_215242-1824x13682259750665764440563.jpg?resize=768%2C576&amp;ssl=1 768w, https:\/\/i0.wp.com\/ffw-bockhorn.de\/wp-content\/uploads\/2019\/11\/img_20191105_215242-1824x13682259750665764440563.jpg?resize=1024%2C768&amp;ssl=1 1024w, https:\/\/i0.wp.com\/ffw-bockhorn.de\/wp-content\/uploads\/2019\/11\/img_20191105_215242-1824x13682259750665764440563.jpg?w=1680&amp;ssl=1 1680w\" sizes=\"auto, (max-width: 840px) 100vw, 840px\" \/><\/figure>\n","protected":false},"excerpt":{"rendered":"<p>Gemeinsam mit der Jugendfeuerwehr Kirchasch haben wir heute mit 25 Interessierten den ADAC Rettungshubschrauber &#8222;Christoph 1&#8220; besichtigt. Der Pilot Hr. Benning stand uns bei allen Fragen Rede und Antwort. Von<\/p>\n","protected":false},"author":6,"featured_media":3685,"comment_status":"closed","ping_status":"closed","sticky":false,"template":"","format":"standard","meta":{"jetpack_post_was_ever_published":false,"_jetpack_newsletter_access":"","_jetpack_dont_email_post_to_subs":false,"_jetpack_newsletter_tier_id":0,"_jetpack_memberships_contains_paywalled_content":false,"_jetpack_memberships_contains_paid_content":false,"footnotes":"","jetpack_publicize_message":"","jetpack_publicize_feature_enabled":true,"jetpack_social_post_already_shared":true,"jetpack_social_options":{"image_generator_settings":{"template":"highway","default_image_id":0,"font":"","enabled":false},"version":2}},"categories":[15],"tags":[],"class_list":["post-3662","post","type-post","status-publish","format-standard","has-post-thumbnail","hentry","category-jugendfeuerwehr"],"jetpack_publicize_connections":[],"jetpack_featured_media_url":"https:\/\/i0.wp.com\/ffw-bockhorn.de\/wp-content\/uploads\/2019\/11\/IMG_20191105_185114_1-1824x1368.jpg?fit=1824%2C1368&ssl=1","jetpack_sharing_enabled":true,"jetpack_shortlink":"https:\/\/wp.me\/p6T4yF-X4","jetpack-related-posts":[{"id":4076,"url":"https:\/\/ffw-bockhorn.de\/?p=4076","url_meta":{"origin":3662,"position":0},"title":"Frauenpower bei der Jugendfeuerwehr Bockhorn","author":"FFW Bockhorn","date":"12. September 2021","format":false,"excerpt":"Die Feuerwehr ist ein Job f\u00fcr M\u00e4nner. NUR f\u00fcr M\u00e4nner. - Stimmt doch, oder ? ! Nicht ganz. Mittlerweile sitzen jedenfalls immer \u00f6fter auch Frauen in den roten Autos. Auch in der Jugendgruppe der FF Bockhorn sind aktuell die M\u00e4dels in der \u00dcberzahl. Es wurden bereits Vorschl\u00e4ge zur Umbenennung der\u2026","rel":"","context":"In &quot;Jugendfeuerwehr&quot;","block_context":{"text":"Jugendfeuerwehr","link":"https:\/\/ffw-bockhorn.de\/?cat=15"},"img":{"alt_text":"","src":"https:\/\/i0.wp.com\/ffw-bockhorn.de\/wp-content\/uploads\/2021\/09\/IMG_20210912_102136_copy_1030x745.jpg?fit=1030%2C745&ssl=1&resize=350%2C200","width":350,"height":200,"srcset":"https:\/\/i0.wp.com\/ffw-bockhorn.de\/wp-content\/uploads\/2021\/09\/IMG_20210912_102136_copy_1030x745.jpg?fit=1030%2C745&ssl=1&resize=350%2C200 1x, https:\/\/i0.wp.com\/ffw-bockhorn.de\/wp-content\/uploads\/2021\/09\/IMG_20210912_102136_copy_1030x745.jpg?fit=1030%2C745&ssl=1&resize=525%2C300 1.5x, https:\/\/i0.wp.com\/ffw-bockhorn.de\/wp-content\/uploads\/2021\/09\/IMG_20210912_102136_copy_1030x745.jpg?fit=1030%2C745&ssl=1&resize=700%2C400 2x"},"classes":[]},{"id":3649,"url":"https:\/\/ffw-bockhorn.de\/?p=3649","url_meta":{"origin":3662,"position":1},"title":"Wissenstest 2019","author":"FFW Bockhorn","date":"19. Oktober 2019","format":false,"excerpt":"Heute hat die Bockhorner Jugendfeuerwehr mit einem erfolgreichen 12. Platz zum dritten Mal am Wissenstest in Maria Thalheim teilgenommen. Das diesj\u00e4hrige Thema lautete \"Erste Hilfe\". Der Test gliederte sich in zwei Bl\u00f6cke. Im theoretischen Teil mussten einige Multiple-Choice-Aufgaben beantwortet werden und im praktischen Teil durften die M\u00e4dchen und Jungs an\u2026","rel":"","context":"In &quot;Jugendfeuerwehr&quot;","block_context":{"text":"Jugendfeuerwehr","link":"https:\/\/ffw-bockhorn.de\/?cat=15"},"img":{"alt_text":"","src":"https:\/\/i0.wp.com\/ffw-bockhorn.de\/wp-content\/uploads\/2019\/10\/IMG_20191019_211433-1459x1241.jpg?fit=1200%2C1021&ssl=1&resize=350%2C200","width":350,"height":200,"srcset":"https:\/\/i0.wp.com\/ffw-bockhorn.de\/wp-content\/uploads\/2019\/10\/IMG_20191019_211433-1459x1241.jpg?fit=1200%2C1021&ssl=1&resize=350%2C200 1x, https:\/\/i0.wp.com\/ffw-bockhorn.de\/wp-content\/uploads\/2019\/10\/IMG_20191019_211433-1459x1241.jpg?fit=1200%2C1021&ssl=1&resize=525%2C300 1.5x, https:\/\/i0.wp.com\/ffw-bockhorn.de\/wp-content\/uploads\/2019\/10\/IMG_20191019_211433-1459x1241.jpg?fit=1200%2C1021&ssl=1&resize=700%2C400 2x, https:\/\/i0.wp.com\/ffw-bockhorn.de\/wp-content\/uploads\/2019\/10\/IMG_20191019_211433-1459x1241.jpg?fit=1200%2C1021&ssl=1&resize=1050%2C600 3x"},"classes":[]},{"id":4181,"url":"https:\/\/ffw-bockhorn.de\/?p=4181","url_meta":{"origin":3662,"position":2},"title":"\u00d6ffentlich zug\u00e4nglicher &#8222;Defi&#8220;","author":"FFW Bockhorn","date":"5. Juni 2022","format":false,"excerpt":"Seit 6. Mai 2022 hat die Gemeinde Bockhorn einen \u00f6ffentlich zug\u00e4nglichen Defibrillator aufgestellt. Dieser wurde auf der linken Seite am Eingangsbereich des Rathauses in einem Schutzschrank, angebracht. Der \u201eDefi\u201c kann bei Herzrhythmusst\u00f6rungen Leben retten, wenn das Ger\u00e4t schnell verf\u00fcgbar ist und hilft die Zeit bis zum Eintreffen des Notarztes zu\u2026","rel":"","context":"In &quot;Buergerservice&quot;","block_context":{"text":"Buergerservice","link":"https:\/\/ffw-bockhorn.de\/?cat=19"},"img":{"alt_text":"","src":"https:\/\/i0.wp.com\/ffw-bockhorn.de\/wp-content\/uploads\/2022\/06\/AED_Bockhorn_Beitragsbild_V4.jpeg?fit=1200%2C549&ssl=1&resize=350%2C200","width":350,"height":200,"srcset":"https:\/\/i0.wp.com\/ffw-bockhorn.de\/wp-content\/uploads\/2022\/06\/AED_Bockhorn_Beitragsbild_V4.jpeg?fit=1200%2C549&ssl=1&resize=350%2C200 1x, https:\/\/i0.wp.com\/ffw-bockhorn.de\/wp-content\/uploads\/2022\/06\/AED_Bockhorn_Beitragsbild_V4.jpeg?fit=1200%2C549&ssl=1&resize=525%2C300 1.5x, https:\/\/i0.wp.com\/ffw-bockhorn.de\/wp-content\/uploads\/2022\/06\/AED_Bockhorn_Beitragsbild_V4.jpeg?fit=1200%2C549&ssl=1&resize=700%2C400 2x, https:\/\/i0.wp.com\/ffw-bockhorn.de\/wp-content\/uploads\/2022\/06\/AED_Bockhorn_Beitragsbild_V4.jpeg?fit=1200%2C549&ssl=1&resize=1050%2C600 3x"},"classes":[]},{"id":3702,"url":"https:\/\/ffw-bockhorn.de\/?p=3702","url_meta":{"origin":3662,"position":3},"title":"Sanit\u00e4ter in der Feuerwehr","author":"Bj\u00f6rn Landau","date":"11. November 2019","format":false,"excerpt":"Feuerwehren retten, l\u00f6schen, bergen, sch\u00fctzen... und k\u00f6nnen einen AED (automatisierter externer Defibrillator) bedienen. Das k\u00f6nnen zumindest Monika und Franz Prostmeier von sich behaupten. Beide haben sich nach einem gro\u00dfen Ersten Hilfe Kurs in zus\u00e4tzlichen 64 Ausbildungsstunden in einer freiwilligen Weiterbildung zum \"Sanit\u00e4ter in der Feuerwehr\" qualifiziert. Gemeinsam mit 30 Kameraden\u2026","rel":"","context":"In &quot;Feuerwehr&quot;","block_context":{"text":"Feuerwehr","link":"https:\/\/ffw-bockhorn.de\/?cat=8"},"img":{"alt_text":"","src":"https:\/\/i0.wp.com\/ffw-bockhorn.de\/wp-content\/uploads\/2019\/11\/IMG_20191109_175504-1824x1368.jpg?fit=1200%2C900&ssl=1&resize=350%2C200","width":350,"height":200,"srcset":"https:\/\/i0.wp.com\/ffw-bockhorn.de\/wp-content\/uploads\/2019\/11\/IMG_20191109_175504-1824x1368.jpg?fit=1200%2C900&ssl=1&resize=350%2C200 1x, https:\/\/i0.wp.com\/ffw-bockhorn.de\/wp-content\/uploads\/2019\/11\/IMG_20191109_175504-1824x1368.jpg?fit=1200%2C900&ssl=1&resize=525%2C300 1.5x, https:\/\/i0.wp.com\/ffw-bockhorn.de\/wp-content\/uploads\/2019\/11\/IMG_20191109_175504-1824x1368.jpg?fit=1200%2C900&ssl=1&resize=700%2C400 2x, https:\/\/i0.wp.com\/ffw-bockhorn.de\/wp-content\/uploads\/2019\/11\/IMG_20191109_175504-1824x1368.jpg?fit=1200%2C900&ssl=1&resize=1050%2C600 3x"},"classes":[]},{"id":4121,"url":"https:\/\/ffw-bockhorn.de\/?p=4121","url_meta":{"origin":3662,"position":4},"title":"5 Jahre Jugendfeuerwehr Bockhorn","author":"FFW Bockhorn","date":"6. Februar 2022","format":false,"excerpt":"Um das VIDEO zu sehen klickt unten auf \"Weiterlesen\"!!","rel":"","context":"In &quot;Jugendfeuerwehr&quot;","block_context":{"text":"Jugendfeuerwehr","link":"https:\/\/ffw-bockhorn.de\/?cat=15"},"img":{"alt_text":"","src":"https:\/\/i0.wp.com\/ffw-bockhorn.de\/wp-content\/uploads\/2022\/02\/Screenshot_20220206_065251.jpg?fit=1200%2C533&ssl=1&resize=350%2C200","width":350,"height":200,"srcset":"https:\/\/i0.wp.com\/ffw-bockhorn.de\/wp-content\/uploads\/2022\/02\/Screenshot_20220206_065251.jpg?fit=1200%2C533&ssl=1&resize=350%2C200 1x, https:\/\/i0.wp.com\/ffw-bockhorn.de\/wp-content\/uploads\/2022\/02\/Screenshot_20220206_065251.jpg?fit=1200%2C533&ssl=1&resize=525%2C300 1.5x, https:\/\/i0.wp.com\/ffw-bockhorn.de\/wp-content\/uploads\/2022\/02\/Screenshot_20220206_065251.jpg?fit=1200%2C533&ssl=1&resize=700%2C400 2x, https:\/\/i0.wp.com\/ffw-bockhorn.de\/wp-content\/uploads\/2022\/02\/Screenshot_20220206_065251.jpg?fit=1200%2C533&ssl=1&resize=1050%2C600 3x"},"classes":[]}],"_links":{"self":[{"href":"https:\/\/ffw-bockhorn.de\/index.php?rest_route=\/wp\/v2\/posts\/3662","targetHints":{"allow":["GET"]}}],"collection":[{"href":"https:\/\/ffw-bockhorn.de\/index.php?rest_route=\/wp\/v2\/posts"}],"about":[{"href":"https:\/\/ffw-bockhorn.de\/index.php?rest_route=\/wp\/v2\/types\/post"}],"author":[{"embeddable":true,"href":"https:\/\/ffw-bockhorn.de\/index.php?rest_route=\/wp\/v2\/users\/6"}],"replies":[{"embeddable":true,"href":"https:\/\/ffw-bockhorn.de\/index.php?rest_route=%2Fwp%2Fv2%2Fcomments&post=3662"}],"version-history":[{"count":5,"href":"https:\/\/ffw-bockhorn.de\/index.php?rest_route=\/wp\/v2\/posts\/3662\/revisions"}],"predecessor-version":[{"id":3689,"href":"https:\/\/ffw-bockhorn.de\/index.php?rest_route=\/wp\/v2\/posts\/3662\/revisions\/3689"}],"wp:featuredmedia":[{"embeddable":true,"href":"https:\/\/ffw-bockhorn.de\/index.php?rest_route=\/wp\/v2\/media\/3685"}],"wp:attachment":[{"href":"https:\/\/ffw-bockhorn.de\/index.php?rest_route=%2Fwp%2Fv2%2Fmedia&parent=3662"}],"wp:term":[{"taxonomy":"category","embeddable":true,"href":"https:\/\/ffw-bockhorn.de\/index.php?rest_route=%2Fwp%2Fv2%2Fcategories&post=3662"},{"taxonomy":"post_tag","embeddable":true,"href":"https:\/\/ffw-bockhorn.de\/index.php?rest_route=%2Fwp%2Fv2%2Ftags&post=3662"}],"curies":[{"name":"wp","href":"https:\/\/api.w.org\/{rel}","templated":true}]}}